{"id":20033,"date":"2026-03-03T09:16:32","date_gmt":"2026-03-03T09:16:32","guid":{"rendered":"https:\/\/www.castellodirazzano.it\/?p=20033"},"modified":"2026-03-03T10:04:40","modified_gmt":"2026-03-03T10:04:40","slug":"pranzo-di-pasqua-2026-al-ristorante-del-castello-di-razzano-%f0%9f%95%8a%ef%b8%8f%f0%9f%95%8a%ef%b8%8f%f0%9f%95%8a%ef%b8%8f","status":"publish","type":"post","link":"https:\/\/www.castellodirazzano.it\/fr\/pranzo-di-pasqua-2026-al-ristorante-del-castello-di-razzano-%f0%9f%95%8a%ef%b8%8f%f0%9f%95%8a%ef%b8%8f%f0%9f%95%8a%ef%b8%8f\/","title":{"rendered":"Pranzo di Pasqua 2026 al Ristorante del Castello di Razzano \ud83d\udd4a\ufe0f\ud83d\udd4a\ufe0f\ud83d\udd4a\ufe0f"},"content":{"rendered":"<p class=\"qtranxs-available-languages-message qtranxs-available-languages-message-fr\">D\u00e9sol\u00e9, cet article est seulement disponible en <a href=\"https:\/\/www.castellodirazzano.it\/it\/wp-json\/wp\/v2\/posts\/20033\" class=\"qtranxs-available-language-link qtranxs-available-language-link-it\" title=\"Italiano\">Italiano<\/a>. Pour le confort de l\u2019utilisateur, le contenu est affich\u00e9 ci-dessous dans une autre langue. Vous pouvez cliquer le lien pour changer de langue active.<\/p><p><\/p>\n<h4><\/h4>\n<h2 style=\"text-align: center;\"><strong>Domenica 5 aprile 2026<\/strong><\/h2>\n<h4 style=\"text-align: center;\">ore 12.30<\/h4>\n<p><img loading=\"lazy\" decoding=\"async\" class=\"alignleft wp-image-13319\" src=\"https:\/\/www.castellodirazzano.it\/wp-content\/uploads\/2024\/02\/Castello-di-Razzano_23-8-200x300.jpg\" alt=\"\" width=\"600\" height=\"900\" srcset=\"https:\/\/www.castellodirazzano.it\/wp-content\/uploads\/2024\/02\/Castello-di-Razzano_23-8-200x300.jpg 200w, https:\/\/www.castellodirazzano.it\/wp-content\/uploads\/2024\/02\/Castello-di-Razzano_23-8-683x1024.jpg 683w, https:\/\/www.castellodirazzano.it\/wp-content\/uploads\/2024\/02\/Castello-di-Razzano_23-8-768x1152.jpg 768w, https:\/\/www.castellodirazzano.it\/wp-content\/uploads\/2024\/02\/Castello-di-Razzano_23-8-1024x1536.jpg 1024w, https:\/\/www.castellodirazzano.it\/wp-content\/uploads\/2024\/02\/Castello-di-Razzano_23-8-1365x2048.jpg 1365w, https:\/\/www.castellodirazzano.it\/wp-content\/uploads\/2024\/02\/Castello-di-Razzano_23-8-1600x2400.jpg 1600w, https:\/\/www.castellodirazzano.it\/wp-content\/uploads\/2024\/02\/Castello-di-Razzano_23-8-300x450.jpg 300w, https:\/\/www.castellodirazzano.it\/wp-content\/uploads\/2024\/02\/Castello-di-Razzano_23-8-600x900.jpg 600w, https:\/\/www.castellodirazzano.it\/wp-content\/uploads\/2024\/02\/Castello-di-Razzano_23-8-scaled.jpg 1707w\" sizes=\"auto, (max-width: 600px) 100vw, 600px\" \/><\/p>\n<p>&nbsp;<\/p>\n<p style=\"text-align: center;\"><strong>ANTIPASTI<\/strong><\/p>\n<p style=\"text-align: center;\">Vitello Fassone marinato alle rape rosse con robiola,<\/p>\n<p style=\"text-align: center;\">acciughe e bagnetto verde<\/p>\n<p style=\"text-align: center;\">&#8211;<\/p>\n<p style=\"text-align: center;\">Crostatina agli asparagi con zabaione salato<\/p>\n<p style=\"text-align: center;\">\u00a0allo Spumante Lunadoro e Parmigiano Reggiano 36 mesi<\/p>\n<p style=\"text-align: center;\"><strong>PRIMO PIATTO<\/strong><\/p>\n<p style=\"text-align: center;\">Bottoni di pasta fresca ripieni di carciofi alla brace,<\/p>\n<p style=\"text-align: center;\">maionese ai pomodorini,<\/p>\n<p style=\"text-align: center;\">spuma di mozzarella di Bufala e polvere di liquirizia<\/p>\n<p style=\"text-align: center;\"><strong>SECONDO PIATTO<\/strong><\/p>\n<p style=\"text-align: center;\">Guancia di maialino confit con topinambur e mela verde<\/p>\n<p style=\"text-align: center;\"><strong>DESSERT<\/strong><\/p>\n<p style=\"text-align: center;\">Sfera al cioccolato fondente con cremoso all\u2019arancio<\/p>\n<p style=\"text-align: center;\">____________________________________<\/p>\n<p style=\"text-align: right;\"><a href=\"https:\/\/www.castellodirazzano.it\/wp-content\/uploads\/2026\/03\/PASQUA-2026-ITA.pdf\"><img loading=\"lazy\" decoding=\"async\" class=\"wp-image-20726 alignright\" src=\"https:\/\/www.castellodirazzano.it\/wp-content\/uploads\/2026\/03\/Screenshot-2026-03-03-101203-202x300.png\" alt=\"\" width=\"88\" height=\"131\" srcset=\"https:\/\/www.castellodirazzano.it\/wp-content\/uploads\/2026\/03\/Screenshot-2026-03-03-101203-202x300.png 202w, https:\/\/www.castellodirazzano.it\/wp-content\/uploads\/2026\/03\/Screenshot-2026-03-03-101203-300x445.png 300w, https:\/\/www.castellodirazzano.it\/wp-content\/uploads\/2026\/03\/Screenshot-2026-03-03-101203.png 435w\" sizes=\"auto, (max-width: 88px) 100vw, 88px\" \/><\/a>\u20ac 65,00 a persona<br \/>\nVino e bevande escluse<\/p>\n<p>Dopo il pranzo per tutti i nostri ospiti:<\/p>\n<p><strong>VISITA LIBERA AL MUSEO ARTEVINO RAZZANO E ALLE CANTINE DI INVECCHIAMENTO DI FINE \u2018600<\/strong><\/p>\n<p>Prenotazione obbligatoria<br \/>\nSi prega di comunicare in fase di prenotazione eventuali intolleranze e allergie alimentari<\/p>\n<p style=\"text-align: left;\"><a class=\"button large red\" href=\"https:\/\/www.castellodirazzano.it\/contatti\/\">Prenota subito<\/a><\/p>\n<p><\/p>","protected":false},"excerpt":{"rendered":"<p>D\u00e9sol\u00e9, cet article est seulement disponible en Italiano. Pour le confort de l\u2019utilisateur, le contenu est affich\u00e9 ci-dessous dans une autre langue. Vous pouvez cliquer le lien pour changer de langue active. Domenica 5 aprile 2026 ore 12.30 &nbsp; ANTIPASTI Vitello Fassone marinato alle rape rosse con robiola, acciughe e bagnetto verde &#8211; Crostatina agli [&hellip;]<\/p>\n","protected":false},"author":2,"featured_media":20034,"comment_status":"open","ping_status":"open","sticky":false,"template":"","format":"standard","meta":{"_genesis_hide_title":false,"_genesis_hide_breadcrumbs":false,"_genesis_hide_singular_image":false,"_genesis_hide_footer_widgets":false,"_genesis_custom_body_class":"","_genesis_custom_post_class":"","_genesis_layout":"","footnotes":""},"categories":[9],"tags":[15,12],"class_list":{"0":"post-20033","1":"post","2":"type-post","3":"status-publish","4":"format-standard","5":"has-post-thumbnail","7":"category-eventi","8":"tag-pasqua","9":"tag-pranzo-al-ristorante-del-castello-di-razzano","10":"entry"},"yoast_head":"<!-- This site is optimized with the Yoast SEO plugin v26.4 - https:\/\/yoast.com\/wordpress\/plugins\/seo\/ -->\n<title>Pranzo di Pasqua 2026 al Ristorante del Castello di Razzano \ud83d\udd4a\ufe0f\ud83d\udd4a\ufe0f\ud83d\udd4a\ufe0f - Castello di Razzano<\/title>\n<meta name=\"robots\" content=\"index, follow, max-snippet:-1, max-image-preview:large, max-video-preview:-1\" \/>\n<link rel=\"canonical\" href=\"https:\/\/www.castellodirazzano.it\/pranzo-di-pasqua-2026-al-ristorante-del-castello-di-razzano-\ud83d\udd4a\ufe0f\ud83d\udd4a\ufe0f\ud83d\udd4a\ufe0f\/\" \/>\n<meta property=\"og:locale\" content=\"fr_FR\" \/>\n<meta property=\"og:type\" content=\"article\" \/>\n<meta property=\"og:title\" content=\"Pranzo di Pasqua 2026 al Ristorante del Castello di Razzano \ud83d\udd4a\ufe0f\ud83d\udd4a\ufe0f\ud83d\udd4a\ufe0f - Castello di Razzano\" \/>\n<meta property=\"og:description\" content=\"D\u00e9sol\u00e9, cet article est seulement disponible en Italiano. Pour le confort de l\u2019utilisateur, le contenu est affich\u00e9 ci-dessous dans une autre langue. Vous pouvez cliquer le lien pour changer de langue active. Domenica 5 aprile 2026 ore 12.30 &nbsp; ANTIPASTI Vitello Fassone marinato alle rape rosse con robiola, acciughe e bagnetto verde &#8211; Crostatina agli [&hellip;]\" \/>\n<meta property=\"og:url\" content=\"https:\/\/www.castellodirazzano.it\/pranzo-di-pasqua-2026-al-ristorante-del-castello-di-razzano-\ud83d\udd4a\ufe0f\ud83d\udd4a\ufe0f\ud83d\udd4a\ufe0f\/\" \/>\n<meta property=\"og:site_name\" content=\"Castello di Razzano\" \/>\n<meta property=\"article:publisher\" content=\"https:\/\/www.facebook.com\/castellodirazzanomonferrato\/\" \/>\n<meta property=\"article:published_time\" content=\"2026-03-03T09:16:32+00:00\" \/>\n<meta property=\"article:modified_time\" content=\"2026-03-03T10:04:40+00:00\" \/>\n<meta property=\"og:image\" content=\"https:\/\/www.castellodirazzano.it\/wp-content\/uploads\/2025\/12\/pasqua.jpg\" \/>\n\t<meta property=\"og:image:width\" content=\"1440\" \/>\n\t<meta property=\"og:image:height\" content=\"1795\" \/>\n\t<meta property=\"og:image:type\" content=\"image\/jpeg\" \/>\n<meta name=\"author\" content=\"Riccardo Olearo__\" \/>\n<meta name=\"twitter:card\" content=\"summary_large_image\" \/>\n<meta name=\"twitter:label1\" content=\"\u00c9crit par\" \/>\n\t<meta name=\"twitter:data1\" content=\"Riccardo Olearo__\" \/>\n\t<meta name=\"twitter:label2\" content=\"Dur\u00e9e de lecture estim\u00e9e\" \/>\n\t<meta name=\"twitter:data2\" content=\"2 minutes\" \/>\n<script type=\"application\/ld+json\" class=\"yoast-schema-graph\">{\"@context\":\"https:\/\/schema.org\",\"@graph\":[{\"@type\":\"WebPage\",\"@id\":\"https:\/\/www.castellodirazzano.it\/pranzo-di-pasqua-2026-al-ristorante-del-castello-di-razzano-%f0%9f%95%8a%ef%b8%8f%f0%9f%95%8a%ef%b8%8f%f0%9f%95%8a%ef%b8%8f\/\",\"url\":\"https:\/\/www.castellodirazzano.it\/pranzo-di-pasqua-2026-al-ristorante-del-castello-di-razzano-%f0%9f%95%8a%ef%b8%8f%f0%9f%95%8a%ef%b8%8f%f0%9f%95%8a%ef%b8%8f\/\",\"name\":\"Pranzo di Pasqua 2026 al Ristorante del Castello di Razzano \ud83d\udd4a\ufe0f\ud83d\udd4a\ufe0f\ud83d\udd4a\ufe0f - Castello di Razzano\",\"isPartOf\":{\"@id\":\"https:\/\/www.castellodirazzano.it\/en\/#website\"},\"primaryImageOfPage\":{\"@id\":\"https:\/\/www.castellodirazzano.it\/pranzo-di-pasqua-2026-al-ristorante-del-castello-di-razzano-%f0%9f%95%8a%ef%b8%8f%f0%9f%95%8a%ef%b8%8f%f0%9f%95%8a%ef%b8%8f\/#primaryimage\"},\"image\":{\"@id\":\"https:\/\/www.castellodirazzano.it\/pranzo-di-pasqua-2026-al-ristorante-del-castello-di-razzano-%f0%9f%95%8a%ef%b8%8f%f0%9f%95%8a%ef%b8%8f%f0%9f%95%8a%ef%b8%8f\/#primaryimage\"},\"thumbnailUrl\":\"https:\/\/www.castellodirazzano.it\/wp-content\/uploads\/2025\/12\/pasqua.jpg\",\"datePublished\":\"2026-03-03T09:16:32+00:00\",\"dateModified\":\"2026-03-03T10:04:40+00:00\",\"author\":{\"@id\":\"https:\/\/www.castellodirazzano.it\/en\/#\/schema\/person\/d7d942127408d8b5c92f5846f0b32abb\"},\"breadcrumb\":{\"@id\":\"https:\/\/www.castellodirazzano.it\/pranzo-di-pasqua-2026-al-ristorante-del-castello-di-razzano-%f0%9f%95%8a%ef%b8%8f%f0%9f%95%8a%ef%b8%8f%f0%9f%95%8a%ef%b8%8f\/#breadcrumb\"},\"inLanguage\":\"fr-FR\",\"potentialAction\":[{\"@type\":\"ReadAction\",\"target\":[\"https:\/\/www.castellodirazzano.it\/pranzo-di-pasqua-2026-al-ristorante-del-castello-di-razzano-%f0%9f%95%8a%ef%b8%8f%f0%9f%95%8a%ef%b8%8f%f0%9f%95%8a%ef%b8%8f\/\"]}]},{\"@type\":\"ImageObject\",\"inLanguage\":\"fr-FR\",\"@id\":\"https:\/\/www.castellodirazzano.it\/pranzo-di-pasqua-2026-al-ristorante-del-castello-di-razzano-%f0%9f%95%8a%ef%b8%8f%f0%9f%95%8a%ef%b8%8f%f0%9f%95%8a%ef%b8%8f\/#primaryimage\",\"url\":\"https:\/\/www.castellodirazzano.it\/wp-content\/uploads\/2025\/12\/pasqua.jpg\",\"contentUrl\":\"https:\/\/www.castellodirazzano.it\/wp-content\/uploads\/2025\/12\/pasqua.jpg\",\"width\":1440,\"height\":1795},{\"@type\":\"BreadcrumbList\",\"@id\":\"https:\/\/www.castellodirazzano.it\/pranzo-di-pasqua-2026-al-ristorante-del-castello-di-razzano-%f0%9f%95%8a%ef%b8%8f%f0%9f%95%8a%ef%b8%8f%f0%9f%95%8a%ef%b8%8f\/#breadcrumb\",\"itemListElement\":[{\"@type\":\"ListItem\",\"position\":1,\"name\":\"Home\",\"item\":\"https:\/\/www.castellodirazzano.it\/\"},{\"@type\":\"ListItem\",\"position\":2,\"name\":\"Pranzo di Pasqua 2026 al Ristorante del Castello di Razzano \ud83d\udd4a\ufe0f\ud83d\udd4a\ufe0f\ud83d\udd4a\ufe0f\"}]},{\"@type\":\"WebSite\",\"@id\":\"https:\/\/www.castellodirazzano.it\/en\/#website\",\"url\":\"https:\/\/www.castellodirazzano.it\/en\/\",\"name\":\"Castello di Razzano\",\"description\":\"Cantine e Relais di Charme\",\"potentialAction\":[{\"@type\":\"SearchAction\",\"target\":{\"@type\":\"EntryPoint\",\"urlTemplate\":\"https:\/\/www.castellodirazzano.it\/en\/?s={search_term_string}\"},\"query-input\":{\"@type\":\"PropertyValueSpecification\",\"valueRequired\":true,\"valueName\":\"search_term_string\"}}],\"inLanguage\":\"fr-FR\"},{\"@type\":\"Person\",\"@id\":\"https:\/\/www.castellodirazzano.it\/en\/#\/schema\/person\/d7d942127408d8b5c92f5846f0b32abb\",\"name\":\"Riccardo Olearo__\",\"image\":{\"@type\":\"ImageObject\",\"inLanguage\":\"fr-FR\",\"@id\":\"https:\/\/www.castellodirazzano.it\/en\/#\/schema\/person\/image\/\",\"url\":\"https:\/\/secure.gravatar.com\/avatar\/92e29e05a8a6c11b75c28badf3b2385b?s=96&d=mm&r=g\",\"contentUrl\":\"https:\/\/secure.gravatar.com\/avatar\/92e29e05a8a6c11b75c28badf3b2385b?s=96&d=mm&r=g\",\"caption\":\"Riccardo Olearo__\"},\"url\":\"https:\/\/www.castellodirazzano.it\/fr\/author\/riccardo-olearo\/\"}]}<\/script>\n<!-- \/ Yoast SEO plugin. -->","yoast_head_json":{"title":"Pranzo di Pasqua 2026 al Ristorante del Castello di Razzano \ud83d\udd4a\ufe0f\ud83d\udd4a\ufe0f\ud83d\udd4a\ufe0f - Castello di Razzano","robots":{"index":"index","follow":"follow","max-snippet":"max-snippet:-1","max-image-preview":"max-image-preview:large","max-video-preview":"max-video-preview:-1"},"canonical":"https:\/\/www.castellodirazzano.it\/pranzo-di-pasqua-2026-al-ristorante-del-castello-di-razzano-\ud83d\udd4a\ufe0f\ud83d\udd4a\ufe0f\ud83d\udd4a\ufe0f\/","og_locale":"fr_FR","og_type":"article","og_title":"Pranzo di Pasqua 2026 al Ristorante del Castello di Razzano \ud83d\udd4a\ufe0f\ud83d\udd4a\ufe0f\ud83d\udd4a\ufe0f - Castello di Razzano","og_description":"D\u00e9sol\u00e9, cet article est seulement disponible en Italiano. Pour le confort de l\u2019utilisateur, le contenu est affich\u00e9 ci-dessous dans une autre langue. Vous pouvez cliquer le lien pour changer de langue active. Domenica 5 aprile 2026 ore 12.30 &nbsp; ANTIPASTI Vitello Fassone marinato alle rape rosse con robiola, acciughe e bagnetto verde &#8211; Crostatina agli [&hellip;]","og_url":"https:\/\/www.castellodirazzano.it\/pranzo-di-pasqua-2026-al-ristorante-del-castello-di-razzano-\ud83d\udd4a\ufe0f\ud83d\udd4a\ufe0f\ud83d\udd4a\ufe0f\/","og_site_name":"Castello di Razzano","article_publisher":"https:\/\/www.facebook.com\/castellodirazzanomonferrato\/","article_published_time":"2026-03-03T09:16:32+00:00","article_modified_time":"2026-03-03T10:04:40+00:00","og_image":[{"width":1440,"height":1795,"url":"https:\/\/www.castellodirazzano.it\/wp-content\/uploads\/2025\/12\/pasqua.jpg","type":"image\/jpeg"}],"author":"Riccardo Olearo__","twitter_card":"summary_large_image","twitter_misc":{"\u00c9crit par":"Riccardo Olearo__","Dur\u00e9e de lecture estim\u00e9e":"2 minutes"},"schema":{"@context":"https:\/\/schema.org","@graph":[{"@type":"WebPage","@id":"https:\/\/www.castellodirazzano.it\/pranzo-di-pasqua-2026-al-ristorante-del-castello-di-razzano-%f0%9f%95%8a%ef%b8%8f%f0%9f%95%8a%ef%b8%8f%f0%9f%95%8a%ef%b8%8f\/","url":"https:\/\/www.castellodirazzano.it\/pranzo-di-pasqua-2026-al-ristorante-del-castello-di-razzano-%f0%9f%95%8a%ef%b8%8f%f0%9f%95%8a%ef%b8%8f%f0%9f%95%8a%ef%b8%8f\/","name":"Pranzo di Pasqua 2026 al Ristorante del Castello di Razzano \ud83d\udd4a\ufe0f\ud83d\udd4a\ufe0f\ud83d\udd4a\ufe0f - Castello di Razzano","isPartOf":{"@id":"https:\/\/www.castellodirazzano.it\/en\/#website"},"primaryImageOfPage":{"@id":"https:\/\/www.castellodirazzano.it\/pranzo-di-pasqua-2026-al-ristorante-del-castello-di-razzano-%f0%9f%95%8a%ef%b8%8f%f0%9f%95%8a%ef%b8%8f%f0%9f%95%8a%ef%b8%8f\/#primaryimage"},"image":{"@id":"https:\/\/www.castellodirazzano.it\/pranzo-di-pasqua-2026-al-ristorante-del-castello-di-razzano-%f0%9f%95%8a%ef%b8%8f%f0%9f%95%8a%ef%b8%8f%f0%9f%95%8a%ef%b8%8f\/#primaryimage"},"thumbnailUrl":"https:\/\/www.castellodirazzano.it\/wp-content\/uploads\/2025\/12\/pasqua.jpg","datePublished":"2026-03-03T09:16:32+00:00","dateModified":"2026-03-03T10:04:40+00:00","author":{"@id":"https:\/\/www.castellodirazzano.it\/en\/#\/schema\/person\/d7d942127408d8b5c92f5846f0b32abb"},"breadcrumb":{"@id":"https:\/\/www.castellodirazzano.it\/pranzo-di-pasqua-2026-al-ristorante-del-castello-di-razzano-%f0%9f%95%8a%ef%b8%8f%f0%9f%95%8a%ef%b8%8f%f0%9f%95%8a%ef%b8%8f\/#breadcrumb"},"inLanguage":"fr-FR","potentialAction":[{"@type":"ReadAction","target":["https:\/\/www.castellodirazzano.it\/pranzo-di-pasqua-2026-al-ristorante-del-castello-di-razzano-%f0%9f%95%8a%ef%b8%8f%f0%9f%95%8a%ef%b8%8f%f0%9f%95%8a%ef%b8%8f\/"]}]},{"@type":"ImageObject","inLanguage":"fr-FR","@id":"https:\/\/www.castellodirazzano.it\/pranzo-di-pasqua-2026-al-ristorante-del-castello-di-razzano-%f0%9f%95%8a%ef%b8%8f%f0%9f%95%8a%ef%b8%8f%f0%9f%95%8a%ef%b8%8f\/#primaryimage","url":"https:\/\/www.castellodirazzano.it\/wp-content\/uploads\/2025\/12\/pasqua.jpg","contentUrl":"https:\/\/www.castellodirazzano.it\/wp-content\/uploads\/2025\/12\/pasqua.jpg","width":1440,"height":1795},{"@type":"BreadcrumbList","@id":"https:\/\/www.castellodirazzano.it\/pranzo-di-pasqua-2026-al-ristorante-del-castello-di-razzano-%f0%9f%95%8a%ef%b8%8f%f0%9f%95%8a%ef%b8%8f%f0%9f%95%8a%ef%b8%8f\/#breadcrumb","itemListElement":[{"@type":"ListItem","position":1,"name":"Home","item":"https:\/\/www.castellodirazzano.it\/"},{"@type":"ListItem","position":2,"name":"Pranzo di Pasqua 2026 al Ristorante del Castello di Razzano \ud83d\udd4a\ufe0f\ud83d\udd4a\ufe0f\ud83d\udd4a\ufe0f"}]},{"@type":"WebSite","@id":"https:\/\/www.castellodirazzano.it\/en\/#website","url":"https:\/\/www.castellodirazzano.it\/en\/","name":"Castello di Razzano","description":"Cantine e Relais di Charme","potentialAction":[{"@type":"SearchAction","target":{"@type":"EntryPoint","urlTemplate":"https:\/\/www.castellodirazzano.it\/en\/?s={search_term_string}"},"query-input":{"@type":"PropertyValueSpecification","valueRequired":true,"valueName":"search_term_string"}}],"inLanguage":"fr-FR"},{"@type":"Person","@id":"https:\/\/www.castellodirazzano.it\/en\/#\/schema\/person\/d7d942127408d8b5c92f5846f0b32abb","name":"Riccardo Olearo__","image":{"@type":"ImageObject","inLanguage":"fr-FR","@id":"https:\/\/www.castellodirazzano.it\/en\/#\/schema\/person\/image\/","url":"https:\/\/secure.gravatar.com\/avatar\/92e29e05a8a6c11b75c28badf3b2385b?s=96&d=mm&r=g","contentUrl":"https:\/\/secure.gravatar.com\/avatar\/92e29e05a8a6c11b75c28badf3b2385b?s=96&d=mm&r=g","caption":"Riccardo Olearo__"},"url":"https:\/\/www.castellodirazzano.it\/fr\/author\/riccardo-olearo\/"}]}},"_links":{"self":[{"href":"https:\/\/www.castellodirazzano.it\/fr\/wp-json\/wp\/v2\/posts\/20033","targetHints":{"allow":["GET"]}}],"collection":[{"href":"https:\/\/www.castellodirazzano.it\/fr\/wp-json\/wp\/v2\/posts"}],"about":[{"href":"https:\/\/www.castellodirazzano.it\/fr\/wp-json\/wp\/v2\/types\/post"}],"author":[{"embeddable":true,"href":"https:\/\/www.castellodirazzano.it\/fr\/wp-json\/wp\/v2\/users\/2"}],"replies":[{"embeddable":true,"href":"https:\/\/www.castellodirazzano.it\/fr\/wp-json\/wp\/v2\/comments?post=20033"}],"version-history":[{"count":9,"href":"https:\/\/www.castellodirazzano.it\/fr\/wp-json\/wp\/v2\/posts\/20033\/revisions"}],"predecessor-version":[{"id":20734,"href":"https:\/\/www.castellodirazzano.it\/fr\/wp-json\/wp\/v2\/posts\/20033\/revisions\/20734"}],"wp:featuredmedia":[{"embeddable":true,"href":"https:\/\/www.castellodirazzano.it\/fr\/wp-json\/wp\/v2\/media\/20034"}],"wp:attachment":[{"href":"https:\/\/www.castellodirazzano.it\/fr\/wp-json\/wp\/v2\/media?parent=20033"}],"wp:term":[{"taxonomy":"category","embeddable":true,"href":"https:\/\/www.castellodirazzano.it\/fr\/wp-json\/wp\/v2\/categories?post=20033"},{"taxonomy":"post_tag","embeddable":true,"href":"https:\/\/www.castellodirazzano.it\/fr\/wp-json\/wp\/v2\/tags?post=20033"}],"curies":[{"name":"wp","href":"https:\/\/api.w.org\/{rel}","templated":true}]}}