{"id":15714,"date":"2024-07-06T12:22:17","date_gmt":"2024-07-06T12:22:17","guid":{"rendered":"https:\/\/www.castellodirazzano.it\/?p=15714"},"modified":"2024-08-23T15:04:29","modified_gmt":"2024-08-23T15:04:29","slug":"cena-piemontese-del-mercoledi","status":"publish","type":"post","link":"https:\/\/www.castellodirazzano.it\/en\/cena-piemontese-del-mercoledi\/","title":{"rendered":"CENA PIEMONTESE DEL MERCOLED\u00cc"},"content":{"rendered":"<p>Nel mese di luglio e agosto il nostro ristorante sar\u00e0 <strong>STRAORDINARIAMENTE <\/strong>aperto tutti i mercoled\u00ec a cena con un men\u00f9 fisso dedicato ai piatti della tradizione piemontese. La cena sar\u00e0 servita nella splendida corte interna del Castello (in caso di maltempo la cena sar\u00e0 servita nelle salette interne).<\/p><p>&nbsp;<\/p><figure class=\"wp-block-image size-large\"><img loading=\"lazy\" decoding=\"async\" width=\"768\" height=\"632\" class=\"wp-image-15713\" src=\"https:\/\/www.castellodirazzano.it\/wp-content\/uploads\/2024\/07\/image.jpg\" alt=\"\" srcset=\"https:\/\/www.castellodirazzano.it\/wp-content\/uploads\/2024\/07\/image.jpg 768w, https:\/\/www.castellodirazzano.it\/wp-content\/uploads\/2024\/07\/image-300x247.jpg 300w, https:\/\/www.castellodirazzano.it\/wp-content\/uploads\/2024\/07\/image-600x494.jpg 600w\" sizes=\"auto, (max-width: 768px) 100vw, 768px\" \/><\/figure><p>&nbsp;<\/p><p><a href=\"https:\/\/www.castellodirazzano.it\/wp-content\/uploads\/2024\/07\/CENA-PIEMONTESE-2024.pdf\">MEN\u00d9<\/a><\/p><p>&nbsp;<\/p><p>&nbsp;<\/p>","protected":false},"excerpt":{"rendered":"<p>Nel mese di luglio e agosto il nostro ristorante sar\u00e0 STRAORDINARIAMENTE aperto tutti i mercoled\u00ec a cena con un men\u00f9 fisso dedicato ai piatti della tradizione piemontese. La cena sar\u00e0 servita nella splendida corte interna del Castello (in caso di maltempo la cena sar\u00e0 servita nelle salette interne). &nbsp; &nbsp; MEN\u00d9 &nbsp; &nbsp;<\/p>\n","protected":false},"author":2,"featured_media":0,"comment_status":"closed","ping_status":"open","sticky":false,"template":"","format":"standard","meta":{"_genesis_hide_title":false,"_genesis_hide_breadcrumbs":false,"_genesis_hide_singular_image":false,"_genesis_hide_footer_widgets":false,"_genesis_custom_body_class":"","_genesis_custom_post_class":"","_genesis_layout":"","footnotes":""},"categories":[1],"tags":[],"class_list":{"0":"post-15714","1":"post","2":"type-post","3":"status-publish","4":"format-standard","6":"category-uncategorized","7":"entry","8":"has-post-thumbnail"},"yoast_head":"<!-- This site is optimized with the Yoast SEO plugin v26.4 - https:\/\/yoast.com\/wordpress\/plugins\/seo\/ -->\n<title>CENA PIEMONTESE DEL MERCOLED\u00cc - Castello di Razzano<\/title>\n<meta name=\"robots\" content=\"index, follow, max-snippet:-1, max-image-preview:large, max-video-preview:-1\" \/>\n<link rel=\"canonical\" href=\"https:\/\/www.castellodirazzano.it\/cena-piemontese-del-mercoledi\/\" \/>\n<meta property=\"og:locale\" content=\"en_US\" \/>\n<meta property=\"og:type\" content=\"article\" \/>\n<meta property=\"og:title\" content=\"CENA PIEMONTESE DEL MERCOLED\u00cc - Castello di Razzano\" \/>\n<meta property=\"og:description\" content=\"Nel mese di luglio e agosto il nostro ristorante sar\u00e0 STRAORDINARIAMENTE aperto tutti i mercoled\u00ec a cena con un men\u00f9 fisso dedicato ai piatti della tradizione piemontese. La cena sar\u00e0 servita nella splendida corte interna del Castello (in caso di maltempo la cena sar\u00e0 servita nelle salette interne). &nbsp; &nbsp; MEN\u00d9 &nbsp; &nbsp;\" \/>\n<meta property=\"og:url\" content=\"https:\/\/www.castellodirazzano.it\/cena-piemontese-del-mercoledi\/\" \/>\n<meta property=\"og:site_name\" content=\"Castello di Razzano\" \/>\n<meta property=\"article:publisher\" content=\"https:\/\/www.facebook.com\/castellodirazzanomonferrato\/\" \/>\n<meta property=\"article:published_time\" content=\"2024-07-06T12:22:17+00:00\" \/>\n<meta property=\"article:modified_time\" content=\"2024-08-23T15:04:29+00:00\" \/>\n<meta property=\"og:image\" content=\"https:\/\/www.castellodirazzano.it\/wp-content\/uploads\/2024\/07\/image.jpg\" \/>\n<meta name=\"author\" content=\"Riccardo Olearo__\" \/>\n<meta name=\"twitter:card\" content=\"summary_large_image\" \/>\n<meta name=\"twitter:label1\" content=\"Written by\" \/>\n\t<meta name=\"twitter:data1\" content=\"Riccardo Olearo__\" \/>\n\t<meta name=\"twitter:label2\" content=\"Est. reading time\" \/>\n\t<meta name=\"twitter:data2\" content=\"1 minute\" \/>\n<script type=\"application\/ld+json\" class=\"yoast-schema-graph\">{\"@context\":\"https:\/\/schema.org\",\"@graph\":[{\"@type\":\"WebPage\",\"@id\":\"https:\/\/www.castellodirazzano.it\/cena-piemontese-del-mercoledi\/\",\"url\":\"https:\/\/www.castellodirazzano.it\/cena-piemontese-del-mercoledi\/\",\"name\":\"CENA PIEMONTESE DEL MERCOLED\u00cc - Castello di Razzano\",\"isPartOf\":{\"@id\":\"https:\/\/www.castellodirazzano.it\/en\/#website\"},\"primaryImageOfPage\":{\"@id\":\"https:\/\/www.castellodirazzano.it\/cena-piemontese-del-mercoledi\/#primaryimage\"},\"image\":{\"@id\":\"https:\/\/www.castellodirazzano.it\/cena-piemontese-del-mercoledi\/#primaryimage\"},\"thumbnailUrl\":\"https:\/\/www.castellodirazzano.it\/wp-content\/uploads\/2024\/07\/image.jpg\",\"datePublished\":\"2024-07-06T12:22:17+00:00\",\"dateModified\":\"2024-08-23T15:04:29+00:00\",\"author\":{\"@id\":\"https:\/\/www.castellodirazzano.it\/en\/#\/schema\/person\/d7d942127408d8b5c92f5846f0b32abb\"},\"breadcrumb\":{\"@id\":\"https:\/\/www.castellodirazzano.it\/cena-piemontese-del-mercoledi\/#breadcrumb\"},\"inLanguage\":\"en-US\",\"potentialAction\":[{\"@type\":\"ReadAction\",\"target\":[\"https:\/\/www.castellodirazzano.it\/cena-piemontese-del-mercoledi\/\"]}]},{\"@type\":\"ImageObject\",\"inLanguage\":\"en-US\",\"@id\":\"https:\/\/www.castellodirazzano.it\/cena-piemontese-del-mercoledi\/#primaryimage\",\"url\":\"https:\/\/www.castellodirazzano.it\/wp-content\/uploads\/2024\/07\/image.jpg\",\"contentUrl\":\"https:\/\/www.castellodirazzano.it\/wp-content\/uploads\/2024\/07\/image.jpg\"},{\"@type\":\"BreadcrumbList\",\"@id\":\"https:\/\/www.castellodirazzano.it\/cena-piemontese-del-mercoledi\/#breadcrumb\",\"itemListElement\":[{\"@type\":\"ListItem\",\"position\":1,\"name\":\"Home\",\"item\":\"https:\/\/www.castellodirazzano.it\/\"},{\"@type\":\"ListItem\",\"position\":2,\"name\":\"CENA PIEMONTESE DEL MERCOLED\u00cc\"}]},{\"@type\":\"WebSite\",\"@id\":\"https:\/\/www.castellodirazzano.it\/en\/#website\",\"url\":\"https:\/\/www.castellodirazzano.it\/en\/\",\"name\":\"Castello di Razzano\",\"description\":\"Cantine e Relais di Charme\",\"potentialAction\":[{\"@type\":\"SearchAction\",\"target\":{\"@type\":\"EntryPoint\",\"urlTemplate\":\"https:\/\/www.castellodirazzano.it\/en\/?s={search_term_string}\"},\"query-input\":{\"@type\":\"PropertyValueSpecification\",\"valueRequired\":true,\"valueName\":\"search_term_string\"}}],\"inLanguage\":\"en-US\"},{\"@type\":\"Person\",\"@id\":\"https:\/\/www.castellodirazzano.it\/en\/#\/schema\/person\/d7d942127408d8b5c92f5846f0b32abb\",\"name\":\"Riccardo Olearo__\",\"image\":{\"@type\":\"ImageObject\",\"inLanguage\":\"en-US\",\"@id\":\"https:\/\/www.castellodirazzano.it\/en\/#\/schema\/person\/image\/\",\"url\":\"https:\/\/secure.gravatar.com\/avatar\/92e29e05a8a6c11b75c28badf3b2385b?s=96&d=mm&r=g\",\"contentUrl\":\"https:\/\/secure.gravatar.com\/avatar\/92e29e05a8a6c11b75c28badf3b2385b?s=96&d=mm&r=g\",\"caption\":\"Riccardo Olearo__\"},\"url\":\"https:\/\/www.castellodirazzano.it\/en\/author\/riccardo-olearo\/\"}]}<\/script>\n<!-- \/ Yoast SEO plugin. -->","yoast_head_json":{"title":"CENA PIEMONTESE DEL MERCOLED\u00cc - Castello di Razzano","robots":{"index":"index","follow":"follow","max-snippet":"max-snippet:-1","max-image-preview":"max-image-preview:large","max-video-preview":"max-video-preview:-1"},"canonical":"https:\/\/www.castellodirazzano.it\/cena-piemontese-del-mercoledi\/","og_locale":"en_US","og_type":"article","og_title":"CENA PIEMONTESE DEL MERCOLED\u00cc - Castello di Razzano","og_description":"Nel mese di luglio e agosto il nostro ristorante sar\u00e0 STRAORDINARIAMENTE aperto tutti i mercoled\u00ec a cena con un men\u00f9 fisso dedicato ai piatti della tradizione piemontese. La cena sar\u00e0 servita nella splendida corte interna del Castello (in caso di maltempo la cena sar\u00e0 servita nelle salette interne). &nbsp; &nbsp; MEN\u00d9 &nbsp; &nbsp;","og_url":"https:\/\/www.castellodirazzano.it\/cena-piemontese-del-mercoledi\/","og_site_name":"Castello di Razzano","article_publisher":"https:\/\/www.facebook.com\/castellodirazzanomonferrato\/","article_published_time":"2024-07-06T12:22:17+00:00","article_modified_time":"2024-08-23T15:04:29+00:00","og_image":[{"url":"https:\/\/www.castellodirazzano.it\/wp-content\/uploads\/2024\/07\/image.jpg","type":"","width":"","height":""}],"author":"Riccardo Olearo__","twitter_card":"summary_large_image","twitter_misc":{"Written by":"Riccardo Olearo__","Est. reading time":"1 minute"},"schema":{"@context":"https:\/\/schema.org","@graph":[{"@type":"WebPage","@id":"https:\/\/www.castellodirazzano.it\/cena-piemontese-del-mercoledi\/","url":"https:\/\/www.castellodirazzano.it\/cena-piemontese-del-mercoledi\/","name":"CENA PIEMONTESE DEL MERCOLED\u00cc - Castello di Razzano","isPartOf":{"@id":"https:\/\/www.castellodirazzano.it\/en\/#website"},"primaryImageOfPage":{"@id":"https:\/\/www.castellodirazzano.it\/cena-piemontese-del-mercoledi\/#primaryimage"},"image":{"@id":"https:\/\/www.castellodirazzano.it\/cena-piemontese-del-mercoledi\/#primaryimage"},"thumbnailUrl":"https:\/\/www.castellodirazzano.it\/wp-content\/uploads\/2024\/07\/image.jpg","datePublished":"2024-07-06T12:22:17+00:00","dateModified":"2024-08-23T15:04:29+00:00","author":{"@id":"https:\/\/www.castellodirazzano.it\/en\/#\/schema\/person\/d7d942127408d8b5c92f5846f0b32abb"},"breadcrumb":{"@id":"https:\/\/www.castellodirazzano.it\/cena-piemontese-del-mercoledi\/#breadcrumb"},"inLanguage":"en-US","potentialAction":[{"@type":"ReadAction","target":["https:\/\/www.castellodirazzano.it\/cena-piemontese-del-mercoledi\/"]}]},{"@type":"ImageObject","inLanguage":"en-US","@id":"https:\/\/www.castellodirazzano.it\/cena-piemontese-del-mercoledi\/#primaryimage","url":"https:\/\/www.castellodirazzano.it\/wp-content\/uploads\/2024\/07\/image.jpg","contentUrl":"https:\/\/www.castellodirazzano.it\/wp-content\/uploads\/2024\/07\/image.jpg"},{"@type":"BreadcrumbList","@id":"https:\/\/www.castellodirazzano.it\/cena-piemontese-del-mercoledi\/#breadcrumb","itemListElement":[{"@type":"ListItem","position":1,"name":"Home","item":"https:\/\/www.castellodirazzano.it\/"},{"@type":"ListItem","position":2,"name":"CENA PIEMONTESE DEL MERCOLED\u00cc"}]},{"@type":"WebSite","@id":"https:\/\/www.castellodirazzano.it\/en\/#website","url":"https:\/\/www.castellodirazzano.it\/en\/","name":"Castello di Razzano","description":"Cantine e Relais di Charme","potentialAction":[{"@type":"SearchAction","target":{"@type":"EntryPoint","urlTemplate":"https:\/\/www.castellodirazzano.it\/en\/?s={search_term_string}"},"query-input":{"@type":"PropertyValueSpecification","valueRequired":true,"valueName":"search_term_string"}}],"inLanguage":"en-US"},{"@type":"Person","@id":"https:\/\/www.castellodirazzano.it\/en\/#\/schema\/person\/d7d942127408d8b5c92f5846f0b32abb","name":"Riccardo Olearo__","image":{"@type":"ImageObject","inLanguage":"en-US","@id":"https:\/\/www.castellodirazzano.it\/en\/#\/schema\/person\/image\/","url":"https:\/\/secure.gravatar.com\/avatar\/92e29e05a8a6c11b75c28badf3b2385b?s=96&d=mm&r=g","contentUrl":"https:\/\/secure.gravatar.com\/avatar\/92e29e05a8a6c11b75c28badf3b2385b?s=96&d=mm&r=g","caption":"Riccardo Olearo__"},"url":"https:\/\/www.castellodirazzano.it\/en\/author\/riccardo-olearo\/"}]}},"_links":{"self":[{"href":"https:\/\/www.castellodirazzano.it\/en\/wp-json\/wp\/v2\/posts\/15714","targetHints":{"allow":["GET"]}}],"collection":[{"href":"https:\/\/www.castellodirazzano.it\/en\/wp-json\/wp\/v2\/posts"}],"about":[{"href":"https:\/\/www.castellodirazzano.it\/en\/wp-json\/wp\/v2\/types\/post"}],"author":[{"embeddable":true,"href":"https:\/\/www.castellodirazzano.it\/en\/wp-json\/wp\/v2\/users\/2"}],"replies":[{"embeddable":true,"href":"https:\/\/www.castellodirazzano.it\/en\/wp-json\/wp\/v2\/comments?post=15714"}],"version-history":[{"count":9,"href":"https:\/\/www.castellodirazzano.it\/en\/wp-json\/wp\/v2\/posts\/15714\/revisions"}],"predecessor-version":[{"id":16131,"href":"https:\/\/www.castellodirazzano.it\/en\/wp-json\/wp\/v2\/posts\/15714\/revisions\/16131"}],"wp:attachment":[{"href":"https:\/\/www.castellodirazzano.it\/en\/wp-json\/wp\/v2\/media?parent=15714"}],"wp:term":[{"taxonomy":"category","embeddable":true,"href":"https:\/\/www.castellodirazzano.it\/en\/wp-json\/wp\/v2\/categories?post=15714"},{"taxonomy":"post_tag","embeddable":true,"href":"https:\/\/www.castellodirazzano.it\/en\/wp-json\/wp\/v2\/tags?post=15714"}],"curies":[{"name":"wp","href":"https:\/\/api.w.org\/{rel}","templated":true}]}}