{"id":8808,"date":"2023-03-16T07:49:15","date_gmt":"2023-03-16T07:49:15","guid":{"rendered":"https:\/\/www.castellodirazzano.it\/?p=8808"},"modified":"2023-03-16T07:49:32","modified_gmt":"2023-03-16T07:49:32","slug":"pranzo-domenica-26-marzo-e-domenica-2-aprile","status":"publish","type":"post","link":"https:\/\/www.castellodirazzano.it\/de\/pranzo-domenica-26-marzo-e-domenica-2-aprile\/","title":{"rendered":"Pranzo Domenica 26 Marzo e Domenica 2 Aprile"},"content":{"rendered":"<p class=\"qtranxs-available-languages-message qtranxs-available-languages-message-de\">Leider ist der Eintrag nur auf <a href=\"https:\/\/www.castellodirazzano.it\/it\/wp-json\/wp\/v2\/posts\/8808\" class=\"qtranxs-available-language-link qtranxs-available-language-link-it\" title=\"Italiano\">Italiano<\/a> verf\u00fcgbar. Der Inhalt wird unten in einer verf\u00fcgbaren Sprache angezeigt. Klicken Sie auf den Link, um die aktuelle Sprache zu \u00e4ndern.<\/p><p><\/p>\n<h4><\/h4>\n<h3 style=\"text-align: center;\">Il Ristorante del Castello di Razzano ti propone un viaggio attraverso la pi\u00f9 pura tradizione culinaria monferrina rivisitata in chiave moderna e raffinata, realizzata con prodotti a kilometro zero e accompagnata dai vini e dall\u2019olio della nostra produzione.<\/h3>\n<p><img loading=\"lazy\" decoding=\"async\" class=\"wp-image-7569 size-full aligncenter\" src=\"https:\/\/www.castellodirazzano.it\/wp-content\/uploads\/2022\/05\/DSC3114.jpg\" alt=\"\" width=\"1440\" height=\"961\" srcset=\"https:\/\/www.castellodirazzano.it\/wp-content\/uploads\/2022\/05\/DSC3114.jpg 1440w, https:\/\/www.castellodirazzano.it\/wp-content\/uploads\/2022\/05\/DSC3114-300x200.jpg 300w, https:\/\/www.castellodirazzano.it\/wp-content\/uploads\/2022\/05\/DSC3114-1024x683.jpg 1024w, https:\/\/www.castellodirazzano.it\/wp-content\/uploads\/2022\/05\/DSC3114-768x513.jpg 768w, https:\/\/www.castellodirazzano.it\/wp-content\/uploads\/2022\/05\/DSC3114-600x400.jpg 600w\" sizes=\"auto, (max-width: 1440px) 100vw, 1440px\" \/><\/p>\n<h2 style=\"text-align: center;\"><\/h2>\n<h3 style=\"text-align: center;\"><\/h3>\n<h3><\/h3>\n<h3 style=\"text-align: center;\"><\/h3>\n<p>&nbsp;<\/p>\n<div class=\"page\" title=\"Page 1\">\n<div class=\"layoutArea\">\n<div class=\"column\">\n<h1 style=\"text-align: center;\">MENU<\/h1>\n<p style=\"text-align: center;\"><strong>Aperitivo di benvenuto dello Chef<\/strong><\/p>\n<\/div>\n<\/div>\n<\/div>\n<h1 style=\"text-align: center;\">Antipasto<\/h1>\n<div class=\"page\" title=\"Page 1\">\n<div class=\"layoutArea\">\n<div class=\"column\">\n<div class=\"page\" title=\"Page 1\">\n<div class=\"layoutArea\">\n<div class=\"column\">\n<p style=\"text-align: center;\">Girello di vitello con tradizionale salsa tonnata<br \/>\noppure<br \/>\nTortino di patate con tuorlo d\u2019uovo croccante<\/p>\n<\/div>\n<\/div>\n<\/div>\n<\/div>\n<\/div>\n<\/div>\n<h1 style=\"text-align: center;\">Primo<\/h1>\n<div class=\"page\" title=\"Page 1\">\n<div class=\"layoutArea\">\n<div class=\"column\">\n<div class=\"page\" title=\"Page 1\">\n<div class=\"layoutArea\">\n<div class=\"column\">\n<p style=\"text-align: center;\">Agnolotti di pasta fresca fatti a mano al sugo d\u2019arrosto<br \/>\noppure<br \/>\nRisotto Carnaroli alle erbette e fonduta al gorgonzola dolce<\/p>\n<\/div>\n<\/div>\n<\/div>\n<\/div>\n<\/div>\n<\/div>\n<h1 style=\"text-align: center;\">Secondo<\/h1>\n<div class=\"page\" title=\"Page 1\">\n<div class=\"layoutArea\">\n<div class=\"column\">\n<div class=\"page\" title=\"Page 1\">\n<div class=\"layoutArea\">\n<div class=\"column\">\n<p style=\"text-align: center;\">Guancia di vitello a lenta cottura con contorno di verdure<br \/>\noppure<br \/>\nRolatina di coniglio con verdurine primaverili<\/p>\n<\/div>\n<\/div>\n<\/div>\n<div class=\"page\" title=\"Page 1\">\n<div class=\"layoutArea\">\n<div class=\"column\">\n<p style=\"text-align: center;\">\n<\/div>\n<\/div>\n<\/div>\n<\/div>\n<\/div>\n<\/div>\n<h1 style=\"text-align: center;\">Dessert<\/h1>\n<div class=\"page\" title=\"Page 1\">\n<div class=\"layoutArea\">\n<div class=\"column\">\n<div class=\"page\" title=\"Page 1\">\n<div class=\"layoutArea\">\n<div class=\"column\">\n<p style=\"text-align: center;\">Giandujotto con sorbetto ai lamponi<\/p>\n<\/div>\n<\/div>\n<\/div>\n<\/div>\n<\/div>\n<\/div>\n<p>&nbsp;<\/p>\n<p style=\"text-align: center;\"><strong><em>\u20ac 50,00 a persona &#8211; Vini e bevande escluse<\/em><\/strong><\/p>\n<p>&nbsp;<\/p>\n<p>&nbsp;<\/p>\n<p style=\"text-align: center;\">\u00c8 gradita e consigliata la prenotazione.<\/p>\n<p style=\"text-align: center;\"><a class=\"button large red\" href=\"https:\/\/www.castellodirazzano.it\/relais\/ristorante\/\">Prenota subito<\/a><\/p>\n<p><\/p>","protected":false},"excerpt":{"rendered":"<p>Leider ist der Eintrag nur auf Italiano verf\u00fcgbar. Der Inhalt wird unten in einer verf\u00fcgbaren Sprache angezeigt. Klicken Sie auf den Link, um die aktuelle Sprache zu \u00e4ndern. Il Ristorante del Castello di Razzano ti propone un viaggio attraverso la pi\u00f9 pura tradizione culinaria monferrina rivisitata in chiave moderna e raffinata, realizzata con prodotti a [&hellip;]<\/p>\n","protected":false},"author":1,"featured_media":7565,"comment_status":"open","ping_status":"open","sticky":false,"template":"","format":"standard","meta":{"_genesis_hide_title":false,"_genesis_hide_breadcrumbs":false,"_genesis_hide_singular_image":false,"_genesis_hide_footer_widgets":false,"_genesis_custom_body_class":"","_genesis_custom_post_class":"","_genesis_layout":"","footnotes":""},"categories":[9],"tags":[79,12],"class_list":{"0":"post-8808","1":"post","2":"type-post","3":"status-publish","4":"format-standard","5":"has-post-thumbnail","7":"category-eventi","8":"tag-aperture-straordinarie-a-pranzo","9":"tag-pranzo-al-ristorante-del-castello-di-razzano","10":"entry"},"yoast_head":"<!-- This site is optimized with the Yoast SEO plugin v26.4 - https:\/\/yoast.com\/wordpress\/plugins\/seo\/ -->\n<title>Pranzo Domenica 26 Marzo e Domenica 2 Aprile - Castello di Razzano<\/title>\n<meta name=\"robots\" content=\"index, follow, max-snippet:-1, max-image-preview:large, max-video-preview:-1\" \/>\n<link rel=\"canonical\" href=\"https:\/\/www.castellodirazzano.it\/pranzo-domenica-26-marzo-e-domenica-2-aprile\/\" \/>\n<meta property=\"og:locale\" content=\"de_DE\" \/>\n<meta property=\"og:type\" content=\"article\" \/>\n<meta property=\"og:title\" content=\"Pranzo Domenica 26 Marzo e Domenica 2 Aprile - Castello di Razzano\" \/>\n<meta property=\"og:description\" content=\"Leider ist der Eintrag nur auf Italiano verf\u00fcgbar. Der Inhalt wird unten in einer verf\u00fcgbaren Sprache angezeigt. Klicken Sie auf den Link, um die aktuelle Sprache zu \u00e4ndern. Il Ristorante del Castello di Razzano ti propone un viaggio attraverso la pi\u00f9 pura tradizione culinaria monferrina rivisitata in chiave moderna e raffinata, realizzata con prodotti a [&hellip;]\" \/>\n<meta property=\"og:url\" content=\"https:\/\/www.castellodirazzano.it\/pranzo-domenica-26-marzo-e-domenica-2-aprile\/\" \/>\n<meta property=\"og:site_name\" content=\"Castello di Razzano\" \/>\n<meta property=\"article:publisher\" content=\"https:\/\/www.facebook.com\/castellodirazzanomonferrato\/\" \/>\n<meta property=\"article:published_time\" content=\"2023-03-16T07:49:15+00:00\" \/>\n<meta property=\"article:modified_time\" content=\"2023-03-16T07:49:32+00:00\" \/>\n<meta property=\"og:image\" content=\"https:\/\/www.castellodirazzano.it\/wp-content\/uploads\/2022\/05\/DSC2950.jpg\" \/>\n\t<meta property=\"og:image:width\" content=\"1440\" \/>\n\t<meta property=\"og:image:height\" content=\"961\" \/>\n\t<meta property=\"og:image:type\" content=\"image\/jpeg\" \/>\n<meta name=\"author\" content=\"D3m0R477aN0\" \/>\n<meta name=\"twitter:card\" content=\"summary_large_image\" \/>\n<meta name=\"twitter:label1\" content=\"Verfasst von\" \/>\n\t<meta name=\"twitter:data1\" content=\"D3m0R477aN0\" \/>\n\t<meta name=\"twitter:label2\" content=\"Gesch\u00e4tzte Lesezeit\" \/>\n\t<meta name=\"twitter:data2\" content=\"1\u00a0Minute\" \/>\n<script type=\"application\/ld+json\" class=\"yoast-schema-graph\">{\"@context\":\"https:\/\/schema.org\",\"@graph\":[{\"@type\":\"WebPage\",\"@id\":\"https:\/\/www.castellodirazzano.it\/pranzo-domenica-26-marzo-e-domenica-2-aprile\/\",\"url\":\"https:\/\/www.castellodirazzano.it\/pranzo-domenica-26-marzo-e-domenica-2-aprile\/\",\"name\":\"Pranzo Domenica 26 Marzo e Domenica 2 Aprile - Castello di Razzano\",\"isPartOf\":{\"@id\":\"https:\/\/www.castellodirazzano.it\/en\/#website\"},\"primaryImageOfPage\":{\"@id\":\"https:\/\/www.castellodirazzano.it\/pranzo-domenica-26-marzo-e-domenica-2-aprile\/#primaryimage\"},\"image\":{\"@id\":\"https:\/\/www.castellodirazzano.it\/pranzo-domenica-26-marzo-e-domenica-2-aprile\/#primaryimage\"},\"thumbnailUrl\":\"https:\/\/www.castellodirazzano.it\/wp-content\/uploads\/2022\/05\/DSC2950.jpg\",\"datePublished\":\"2023-03-16T07:49:15+00:00\",\"dateModified\":\"2023-03-16T07:49:32+00:00\",\"author\":{\"@id\":\"https:\/\/www.castellodirazzano.it\/en\/#\/schema\/person\/d3ac271f39830058af77e34bf40f6ab6\"},\"breadcrumb\":{\"@id\":\"https:\/\/www.castellodirazzano.it\/pranzo-domenica-26-marzo-e-domenica-2-aprile\/#breadcrumb\"},\"inLanguage\":\"de\",\"potentialAction\":[{\"@type\":\"ReadAction\",\"target\":[\"https:\/\/www.castellodirazzano.it\/pranzo-domenica-26-marzo-e-domenica-2-aprile\/\"]}]},{\"@type\":\"ImageObject\",\"inLanguage\":\"de\",\"@id\":\"https:\/\/www.castellodirazzano.it\/pranzo-domenica-26-marzo-e-domenica-2-aprile\/#primaryimage\",\"url\":\"https:\/\/www.castellodirazzano.it\/wp-content\/uploads\/2022\/05\/DSC2950.jpg\",\"contentUrl\":\"https:\/\/www.castellodirazzano.it\/wp-content\/uploads\/2022\/05\/DSC2950.jpg\",\"width\":1440,\"height\":961},{\"@type\":\"BreadcrumbList\",\"@id\":\"https:\/\/www.castellodirazzano.it\/pranzo-domenica-26-marzo-e-domenica-2-aprile\/#breadcrumb\",\"itemListElement\":[{\"@type\":\"ListItem\",\"position\":1,\"name\":\"Home\",\"item\":\"https:\/\/www.castellodirazzano.it\/\"},{\"@type\":\"ListItem\",\"position\":2,\"name\":\"Pranzo Domenica 26 Marzo e Domenica 2 Aprile\"}]},{\"@type\":\"WebSite\",\"@id\":\"https:\/\/www.castellodirazzano.it\/en\/#website\",\"url\":\"https:\/\/www.castellodirazzano.it\/en\/\",\"name\":\"Castello di Razzano\",\"description\":\"Cantine e Relais di Charme\",\"potentialAction\":[{\"@type\":\"SearchAction\",\"target\":{\"@type\":\"EntryPoint\",\"urlTemplate\":\"https:\/\/www.castellodirazzano.it\/en\/?s={search_term_string}\"},\"query-input\":{\"@type\":\"PropertyValueSpecification\",\"valueRequired\":true,\"valueName\":\"search_term_string\"}}],\"inLanguage\":\"de\"},{\"@type\":\"Person\",\"@id\":\"https:\/\/www.castellodirazzano.it\/en\/#\/schema\/person\/d3ac271f39830058af77e34bf40f6ab6\",\"name\":\"D3m0R477aN0\",\"image\":{\"@type\":\"ImageObject\",\"inLanguage\":\"de\",\"@id\":\"https:\/\/www.castellodirazzano.it\/en\/#\/schema\/person\/image\/\",\"url\":\"https:\/\/secure.gravatar.com\/avatar\/c22ec89a943876466c34b60a9100beee?s=96&d=mm&r=g\",\"contentUrl\":\"https:\/\/secure.gravatar.com\/avatar\/c22ec89a943876466c34b60a9100beee?s=96&d=mm&r=g\",\"caption\":\"D3m0R477aN0\"},\"url\":\"https:\/\/www.castellodirazzano.it\/de\/author\/d3m0r477an0\/\"}]}<\/script>\n<!-- \/ Yoast SEO plugin. -->","yoast_head_json":{"title":"Pranzo Domenica 26 Marzo e Domenica 2 Aprile - Castello di Razzano","robots":{"index":"index","follow":"follow","max-snippet":"max-snippet:-1","max-image-preview":"max-image-preview:large","max-video-preview":"max-video-preview:-1"},"canonical":"https:\/\/www.castellodirazzano.it\/pranzo-domenica-26-marzo-e-domenica-2-aprile\/","og_locale":"de_DE","og_type":"article","og_title":"Pranzo Domenica 26 Marzo e Domenica 2 Aprile - Castello di Razzano","og_description":"Leider ist der Eintrag nur auf Italiano verf\u00fcgbar. Der Inhalt wird unten in einer verf\u00fcgbaren Sprache angezeigt. Klicken Sie auf den Link, um die aktuelle Sprache zu \u00e4ndern. Il Ristorante del Castello di Razzano ti propone un viaggio attraverso la pi\u00f9 pura tradizione culinaria monferrina rivisitata in chiave moderna e raffinata, realizzata con prodotti a [&hellip;]","og_url":"https:\/\/www.castellodirazzano.it\/pranzo-domenica-26-marzo-e-domenica-2-aprile\/","og_site_name":"Castello di Razzano","article_publisher":"https:\/\/www.facebook.com\/castellodirazzanomonferrato\/","article_published_time":"2023-03-16T07:49:15+00:00","article_modified_time":"2023-03-16T07:49:32+00:00","og_image":[{"width":1440,"height":961,"url":"https:\/\/www.castellodirazzano.it\/wp-content\/uploads\/2022\/05\/DSC2950.jpg","type":"image\/jpeg"}],"author":"D3m0R477aN0","twitter_card":"summary_large_image","twitter_misc":{"Verfasst von":"D3m0R477aN0","Gesch\u00e4tzte Lesezeit":"1\u00a0Minute"},"schema":{"@context":"https:\/\/schema.org","@graph":[{"@type":"WebPage","@id":"https:\/\/www.castellodirazzano.it\/pranzo-domenica-26-marzo-e-domenica-2-aprile\/","url":"https:\/\/www.castellodirazzano.it\/pranzo-domenica-26-marzo-e-domenica-2-aprile\/","name":"Pranzo Domenica 26 Marzo e Domenica 2 Aprile - Castello di Razzano","isPartOf":{"@id":"https:\/\/www.castellodirazzano.it\/en\/#website"},"primaryImageOfPage":{"@id":"https:\/\/www.castellodirazzano.it\/pranzo-domenica-26-marzo-e-domenica-2-aprile\/#primaryimage"},"image":{"@id":"https:\/\/www.castellodirazzano.it\/pranzo-domenica-26-marzo-e-domenica-2-aprile\/#primaryimage"},"thumbnailUrl":"https:\/\/www.castellodirazzano.it\/wp-content\/uploads\/2022\/05\/DSC2950.jpg","datePublished":"2023-03-16T07:49:15+00:00","dateModified":"2023-03-16T07:49:32+00:00","author":{"@id":"https:\/\/www.castellodirazzano.it\/en\/#\/schema\/person\/d3ac271f39830058af77e34bf40f6ab6"},"breadcrumb":{"@id":"https:\/\/www.castellodirazzano.it\/pranzo-domenica-26-marzo-e-domenica-2-aprile\/#breadcrumb"},"inLanguage":"de","potentialAction":[{"@type":"ReadAction","target":["https:\/\/www.castellodirazzano.it\/pranzo-domenica-26-marzo-e-domenica-2-aprile\/"]}]},{"@type":"ImageObject","inLanguage":"de","@id":"https:\/\/www.castellodirazzano.it\/pranzo-domenica-26-marzo-e-domenica-2-aprile\/#primaryimage","url":"https:\/\/www.castellodirazzano.it\/wp-content\/uploads\/2022\/05\/DSC2950.jpg","contentUrl":"https:\/\/www.castellodirazzano.it\/wp-content\/uploads\/2022\/05\/DSC2950.jpg","width":1440,"height":961},{"@type":"BreadcrumbList","@id":"https:\/\/www.castellodirazzano.it\/pranzo-domenica-26-marzo-e-domenica-2-aprile\/#breadcrumb","itemListElement":[{"@type":"ListItem","position":1,"name":"Home","item":"https:\/\/www.castellodirazzano.it\/"},{"@type":"ListItem","position":2,"name":"Pranzo Domenica 26 Marzo e Domenica 2 Aprile"}]},{"@type":"WebSite","@id":"https:\/\/www.castellodirazzano.it\/en\/#website","url":"https:\/\/www.castellodirazzano.it\/en\/","name":"Castello di Razzano","description":"Cantine e Relais di Charme","potentialAction":[{"@type":"SearchAction","target":{"@type":"EntryPoint","urlTemplate":"https:\/\/www.castellodirazzano.it\/en\/?s={search_term_string}"},"query-input":{"@type":"PropertyValueSpecification","valueRequired":true,"valueName":"search_term_string"}}],"inLanguage":"de"},{"@type":"Person","@id":"https:\/\/www.castellodirazzano.it\/en\/#\/schema\/person\/d3ac271f39830058af77e34bf40f6ab6","name":"D3m0R477aN0","image":{"@type":"ImageObject","inLanguage":"de","@id":"https:\/\/www.castellodirazzano.it\/en\/#\/schema\/person\/image\/","url":"https:\/\/secure.gravatar.com\/avatar\/c22ec89a943876466c34b60a9100beee?s=96&d=mm&r=g","contentUrl":"https:\/\/secure.gravatar.com\/avatar\/c22ec89a943876466c34b60a9100beee?s=96&d=mm&r=g","caption":"D3m0R477aN0"},"url":"https:\/\/www.castellodirazzano.it\/de\/author\/d3m0r477an0\/"}]}},"_links":{"self":[{"href":"https:\/\/www.castellodirazzano.it\/de\/wp-json\/wp\/v2\/posts\/8808","targetHints":{"allow":["GET"]}}],"collection":[{"href":"https:\/\/www.castellodirazzano.it\/de\/wp-json\/wp\/v2\/posts"}],"about":[{"href":"https:\/\/www.castellodirazzano.it\/de\/wp-json\/wp\/v2\/types\/post"}],"author":[{"embeddable":true,"href":"https:\/\/www.castellodirazzano.it\/de\/wp-json\/wp\/v2\/users\/1"}],"replies":[{"embeddable":true,"href":"https:\/\/www.castellodirazzano.it\/de\/wp-json\/wp\/v2\/comments?post=8808"}],"version-history":[{"count":2,"href":"https:\/\/www.castellodirazzano.it\/de\/wp-json\/wp\/v2\/posts\/8808\/revisions"}],"predecessor-version":[{"id":8810,"href":"https:\/\/www.castellodirazzano.it\/de\/wp-json\/wp\/v2\/posts\/8808\/revisions\/8810"}],"wp:featuredmedia":[{"embeddable":true,"href":"https:\/\/www.castellodirazzano.it\/de\/wp-json\/wp\/v2\/media\/7565"}],"wp:attachment":[{"href":"https:\/\/www.castellodirazzano.it\/de\/wp-json\/wp\/v2\/media?parent=8808"}],"wp:term":[{"taxonomy":"category","embeddable":true,"href":"https:\/\/www.castellodirazzano.it\/de\/wp-json\/wp\/v2\/categories?post=8808"},{"taxonomy":"post_tag","embeddable":true,"href":"https:\/\/www.castellodirazzano.it\/de\/wp-json\/wp\/v2\/tags?post=8808"}],"curies":[{"name":"wp","href":"https:\/\/api.w.org\/{rel}","templated":true}]}}